{"id":1112,"date":"2023-12-13T09:58:00","date_gmt":"2023-12-13T09:58:00","guid":{"rendered":"https:\/\/healthcare-plaza.eu\/?p=1112"},"modified":"2024-10-24T00:04:09","modified_gmt":"2024-10-24T00:04:09","slug":"speelt-post-covid-een-rol-bij-jou-op-de-werkvloer","status":"publish","type":"post","link":"https:\/\/www.nanohealthcare.eu\/it\/speelt-post-covid-een-rol-bij-jou-op-de-werkvloer\/","title":{"rendered":"Il post-COVID sta influenzando il tuo posto di lavoro?"},"content":{"rendered":"<p><em>Scopri un trattamento complementare sperimentato da molti con risultati positivi.<\/em><\/p>\n\n\n\n<p>Gli anni 2020 e 2021 sono stati caratterizzati dalle notizie sul COVID-19. Ora che i tassi di infezione giornalieri, le UTI piene e gli avvisi speciali sono cose del passato, l&#039;attenzione si \u00e8 spostata sulla pandemia &quot;ombra&quot;: il post-COVID. Chiunque contragga il COVID pu\u00f2 contrarlo, dai giovani agli anziani.<\/p>\n\n\n\n<p>Per le persone che affrontano il post-COVID (ex Long COVID), le conseguenze sono profonde. Molti si ritrovano suo malgrado ai margini, limitati dagli effetti collaterali del virus.<\/p>\n\n\n\n<p>La ricerca dell&#039;Erasmus MC rivela cifre allarmanti: non meno del 79% delle persone con post-COVID lavora meno ore o non \u00e8 del tutto in grado di lavorare. Inoltre, non influisce solo sul lavoro, ma anche sugli studi, sugli hobby e sulle interazioni sociali.<\/p>\n\n\n\n<p>Come datore di lavoro, hai un ruolo importante nel supportare questi dipendenti nel loro recupero. \u00c8 fondamentale aiutarli a tornare sani ed energici in modo che possano riprendere le loro vite e godersi di nuovo il lavoro.<\/p>\n\n\n\n<p>Ma come puoi contribuire come datore di lavoro? In questo blog, approfondiamo l&#039;impatto del post-COVID ed esploriamo le terapie che possono aiutare i tuoi dipendenti nel loro processo di recupero.<\/p>\n\n\n\n<p><strong>Cos&#039;\u00e8 il post-COVID?<\/strong><\/p>\n\n\n\n<p>Le persone che manifestano sintomi per pi\u00f9 di tre mesi dopo l&#039;infezione da COVID hanno post-COVID. Molto \u00e8 ancora sconosciuto. Perch\u00e9 una persona contrae il COVID mentre un&#039;altra guarisce dopo pochi giorni? E come si possono curare le persone? Per rispondere a queste domande, si stanno conducendo ricerche approfondite sia a livello nazionale che internazionale.<\/p>\n\n\n\n<p><strong>Sintomi comuni del post-COVID:<\/strong><\/p>\n\n\n\n<p>Le persone affette da COVID spesso soffrono dei seguenti sintomi:<\/p>\n\n\n\n<ul class=\"wp-block-list\">\n<li>Fatica<\/li>\n\n\n\n<li>Problemi di concentrazione<\/li>\n\n\n\n<li>Problemi di memoria<\/li>\n\n\n\n<li>Fiato corto<\/li>\n\n\n\n<li>Ipersensibilit\u00e0 alla luce e al suono<\/li>\n\n\n\n<li>Mal di testa<\/li>\n\n\n\n<li>Depressione\/irritabilit\u00e0<\/li>\n\n\n\n<li>Disturbi del sonno<\/li>\n\n\n\n<li>Dolore muscolare<\/li>\n\n\n\n<li>Vertigini<\/li>\n<\/ul>\n\n\n\n<p><strong>Il termine corretto \u00e8 Long COVID o Post-COVID?<\/strong><\/p>\n\n\n\n<p>Per molto tempo \u00e8 stato utilizzato il termine &quot;Long COVID&quot;. &quot;Long&quot; significa &quot;prolungato&quot;, quindi non si riferisce ai nostri polmoni. Poich\u00e9 i sintomi si verificano dopo che l&#039;infezione da COVID \u00e8 passata, il termine post-COVID \u00e8 considerato pi\u00f9 appropriato. &quot;Post&quot; significa &quot;dopo&quot;.<\/p>\n\n\n\n<p><strong>Perch\u00e9 si sa cos\u00ec poco del post-COVID?<\/strong><\/p>\n\n\n\n<p>La dottoranda Elke Wynberg ha condotto ricerche sul post-COVID negli ultimi tre anni presso il Municipal Health Service (GGD) di Amsterdam e l&#039;Amsterdam UMC. Secondo lei, \u00e8 difficile studiare il post-COVID perch\u00e9 colpisce organi diversi, manifestandosi in vari sintomi. Il quadro clinico \u00e8 incredibilmente vario. &quot;Sarebbe utile concentrare la ricerca su sottocategorie di Long COVID, come i pazienti Long COVID con disturbi polmonari. Quindi si possono esaminare le cause in modo molto pi\u00f9 acuto&quot;, afferma Elke durante un&#039;intervista.<\/p>\n\n\n\n<p><strong>Quali sono i trattamenti disponibili per il post-COVID?<\/strong><\/p>\n\n\n\n<p>In una conversazione con l&#039;Organizzazione Mondiale della Sanit\u00e0 (OMS), la Dott. ssa Janet Diaz sottolinea che chiunque abbia un post-COVID dovrebbe cercare assistenza. Poich\u00e9 non esiste ancora un trattamento specifico, consiglia di iniziare un percorso di assistenza multidisciplinare. Ci\u00f2 significa che le persone possono rivolgersi al proprio medico di base, nonch\u00e9 a professionisti specializzati nella riabilitazione, assistenti sociali, assistenti psicosociali e professionisti della salute mentale.<\/p>\n\n\n\n<p>Sul sito web della Long COVID Foundation \u00e8 possibile trovare informazioni sui trattamenti sintomatici e sui trattamenti basati su possibili meccanismi biologici sottostanti.<\/p>\n\n\n\n<p><strong>I dipendenti hanno provato vari trattamenti?<\/strong><\/p>\n\n\n\n<p>E sono aperti a un percorso multidisciplinare, che includa un trattamento naturale e complementare? Quindi informateli sulla possibilit\u00e0 di Nano CellCare.<\/p>\n\n\n\n<p><strong>Nano CellCare: un&#039;alternativa per dare una sferzata di energia al tuo corpo<\/strong><\/p>\n\n\n\n<p>L&#039;innovativa tecnologia Nano CellCare trasforma sostanze importanti, come l&#039;acido ialuronico, il sale del Mar Morto e la vitamina C, in nanoparticelle liquide. Attraverso questo trattamento, il corpo pu\u00f2 assorbire localmente queste sostanze o trasportarle in aree che hanno priorit\u00e0. Ci\u00f2 garantisce, tra le altre cose, che il corpo sia ben idratato, il sistema immunitario riceva una spinta e polmoni, ossa e tendini siano supportati.<\/p>\n\n\n\n<p>Pi\u00f9 di cinquanta clienti hanno beneficiato di questo trattamento per i loro disturbi post-COVID*.<\/p>\n\n\n\n<p><strong>Stai pensando a un trattamento Nano CellCare?<\/strong><\/p>\n\n\n\n<p>Sei curioso di sapere cosa pu\u00f2 significare Nano CellCare per te o per i tuoi dipendenti? Fissa un appuntamento con un terapista certificato Nano CellCare vicino a te tramite il nostro <a href=\"https:\/\/www.nanohealthcare.eu\/it\/locator\/\" data-type=\"page\" data-id=\"758\">Localizzatore di trattamento<\/a>.<\/p>\n\n\n\n<p><em>*La terapia Nano CellCare \u00e8 un trattamento complementare e non medico che pu\u00f2 essere intrapreso come integrazione a terapie mediche, paramediche e alternative.<\/em><\/p>\n\n\n\n<p><\/p>","protected":false},"excerpt":{"rendered":"<p>Scopri un trattamento complementare sperimentato da molti con risultati positivi. Gli anni 2020 e 2021 sono stati caratterizzati da notizie su [\u2026]<\/p>","protected":false},"author":1,"featured_media":1137,"comment_status":"open","ping_status":"open","sticky":false,"template":"","format":"standard","meta":{"_acf_changed":false,"site-sidebar-layout":"default","site-content-layout":"","ast-site-content-layout":"","site-content-style":"default","site-sidebar-style":"default","ast-global-header-display":"","ast-banner-title-visibility":"","ast-main-header-display":"","ast-hfb-above-header-display":"","ast-hfb-below-header-display":"","ast-hfb-mobile-header-display":"","site-post-title":"","ast-breadcrumbs-content":"","ast-featured-img":"","footer-sml-layout":"","theme-transparent-header-meta":"","adv-header-id-meta":"","stick-header-meta":"","header-above-stick-meta":"","header-main-stick-meta":"","header-below-stick-meta":"","astra-migrate-meta-layouts":"default","ast-page-background-enabled":"default","ast-page-background-meta":{"desktop":{"background-color":"var(--ast-global-color-5)","background-image":"","background-repeat":"repeat","background-position":"center center","background-size":"auto","background-attachment":"scroll","background-type":"","background-media":"","overlay-type":"","overlay-color":"","overlay-opacity":"","overlay-gradient":""},"tablet":{"background-color":"","background-image":"","background-repeat":"repeat","background-position":"center center","background-size":"auto","background-attachment":"scroll","background-type":"","background-media":"","overlay-type":"","overlay-color":"","overlay-opacity":"","overlay-gradient":""},"mobile":{"background-color":"","background-image":"","background-repeat":"repeat","background-position":"center center","background-size":"auto","background-attachment":"scroll","background-type":"","background-media":"","overlay-type":"","overlay-color":"","overlay-opacity":"","overlay-gradient":""}},"ast-content-background-meta":{"desktop":{"background-color":"var(--ast-global-color-4)","background-image":"","background-repeat":"repeat","background-position":"center center","background-size":"auto","background-attachment":"scroll","background-type":"","background-media":"","overlay-type":"","overlay-color":"","overlay-opacity":"","overlay-gradient":""},"tablet":{"background-color":"var(--ast-global-color-4)","background-image":"","background-repeat":"repeat","background-position":"center center","background-size":"auto","background-attachment":"scroll","background-type":"","background-media":"","overlay-type":"","overlay-color":"","overlay-opacity":"","overlay-gradient":""},"mobile":{"background-color":"var(--ast-global-color-4)","background-image":"","background-repeat":"repeat","background-position":"center center","background-size":"auto","background-attachment":"scroll","background-type":"","background-media":"","overlay-type":"","overlay-color":"","overlay-opacity":"","overlay-gradient":""}},"footnotes":""},"categories":[1],"tags":[],"class_list":["post-1112","post","type-post","status-publish","format-standard","has-post-thumbnail","hentry","category-uncategorized"],"acf":[],"_links":{"self":[{"href":"https:\/\/www.nanohealthcare.eu\/it\/wp-json\/wp\/v2\/posts\/1112","targetHints":{"allow":["GET"]}}],"collection":[{"href":"https:\/\/www.nanohealthcare.eu\/it\/wp-json\/wp\/v2\/posts"}],"about":[{"href":"https:\/\/www.nanohealthcare.eu\/it\/wp-json\/wp\/v2\/types\/post"}],"author":[{"embeddable":true,"href":"https:\/\/www.nanohealthcare.eu\/it\/wp-json\/wp\/v2\/users\/1"}],"replies":[{"embeddable":true,"href":"https:\/\/www.nanohealthcare.eu\/it\/wp-json\/wp\/v2\/comments?post=1112"}],"version-history":[{"count":0,"href":"https:\/\/www.nanohealthcare.eu\/it\/wp-json\/wp\/v2\/posts\/1112\/revisions"}],"wp:featuredmedia":[{"embeddable":true,"href":"https:\/\/www.nanohealthcare.eu\/it\/wp-json\/wp\/v2\/media\/1137"}],"wp:attachment":[{"href":"https:\/\/www.nanohealthcare.eu\/it\/wp-json\/wp\/v2\/media?parent=1112"}],"wp:term":[{"taxonomy":"category","embeddable":true,"href":"https:\/\/www.nanohealthcare.eu\/it\/wp-json\/wp\/v2\/categories?post=1112"},{"taxonomy":"post_tag","embeddable":true,"href":"https:\/\/www.nanohealthcare.eu\/it\/wp-json\/wp\/v2\/tags?post=1112"}],"curies":[{"name":"parola chiave","href":"https:\/\/api.w.org\/{rel}","templated":true}]}}