{"id":1112,"date":"2023-12-13T09:58:00","date_gmt":"2023-12-13T09:58:00","guid":{"rendered":"https:\/\/healthcare-plaza.eu\/?p=1112"},"modified":"2024-10-24T00:04:09","modified_gmt":"2024-10-24T00:04:09","slug":"speelt-post-covid-een-rol-bij-jou-op-de-werkvloer","status":"publish","type":"post","link":"https:\/\/www.nanohealthcare.eu\/fr\/speelt-post-covid-een-rol-bij-jou-op-de-werkvloer\/","title":{"rendered":"L\u2019apr\u00e8s-COVID affecte-t-il votre lieu de travail\u00a0?"},"content":{"rendered":"<p><em>D\u00e9couvrez un traitement compl\u00e9mentaire exp\u00e9riment\u00e9 par plusieurs avec des r\u00e9sultats positifs.<\/em><\/p>\n\n\n\n<p>Les ann\u00e9es 2020 et 2021 ont \u00e9t\u00e9 marqu\u00e9es par l&#039;actualit\u00e9 de la COVID-19. Maintenant que les taux d&#039;infection quotidiens, les unit\u00e9s de soins intensifs satur\u00e9es et les avis sp\u00e9ciaux appartiennent au pass\u00e9, l&#039;attention se porte sur la pand\u00e9mie \u00ab fant\u00f4me \u00bb\u00a0: l&#039;apr\u00e8s-COVID. Toute personne atteinte de la COVID-19, jeune ou \u00e2g\u00e9e, peut la contracter.<\/p>\n\n\n\n<p>Pour les personnes confront\u00e9es \u00e0 la COVID-19 (anciennement COVID longue), les cons\u00e9quences sont profondes. Nombre d&#039;entre elles se retrouvent malgr\u00e9 elles en marge de la vie active, limit\u00e9es par les cons\u00e9quences du virus.<\/p>\n\n\n\n<p>Une \u00e9tude du Centre m\u00e9dical Erasmus r\u00e9v\u00e8le des chiffres alarmants\u00a0: pas moins de 791\u00a0personnes atteintes de la COVID-19 travaillent moins d&#039;heures ou sont totalement incapables de travailler. De plus, cela affecte non seulement le travail, mais aussi les \u00e9tudes, les loisirs et les interactions sociales.<\/p>\n\n\n\n<p>En tant qu&#039;employeur, vous avez un r\u00f4le important \u00e0 jouer pour accompagner ces employ\u00e9s dans leur r\u00e9tablissement. Il est crucial de les aider \u00e0 retrouver la sant\u00e9 et l&#039;\u00e9nergie afin qu&#039;ils puissent reprendre leur vie et retrouver le plaisir de travailler.<\/p>\n\n\n\n<p>Mais comment pouvez-vous contribuer en tant qu&#039;employeur\u00a0? Dans ce blog, nous approfondissons l&#039;impact de l&#039;apr\u00e8s-COVID et explorons les th\u00e9rapies qui peuvent aider vos employ\u00e9s dans leur processus de r\u00e9tablissement.<\/p>\n\n\n\n<p><strong>Qu&#039;est-ce que l&#039;apr\u00e8s-COVID ?<\/strong><\/p>\n\n\n\n<p>Les personnes qui pr\u00e9sentent des sympt\u00f4mes pendant plus de trois mois apr\u00e8s leur infection \u00e0 la COVID-19 souffrent d&#039;une forme post-COVID. Beaucoup de choses restent inconnues. Pourquoi une personne contracte-t-elle la maladie alors qu&#039;une autre se r\u00e9tablit apr\u00e8s quelques jours\u00a0? Et comment les traiter\u00a0? Pour r\u00e9pondre \u00e0 ces questions, des recherches approfondies sont men\u00e9es aux \u00c9tats-Unis et \u00e0 l&#039;\u00e9tranger.<\/p>\n\n\n\n<p><strong>Sympt\u00f4mes courants de l&#039;apr\u00e8s-COVID\u00a0:<\/strong><\/p>\n\n\n\n<p>Les personnes atteintes de la COVID-19 souffrent souvent des sympt\u00f4mes suivants :<\/p>\n\n\n\n<ul class=\"wp-block-list\">\n<li>Fatigue<\/li>\n\n\n\n<li>Probl\u00e8mes de concentration<\/li>\n\n\n\n<li>Probl\u00e8mes de m\u00e9moire<\/li>\n\n\n\n<li>Essoufflement<\/li>\n\n\n\n<li>Hypersensibilit\u00e9 \u00e0 la lumi\u00e8re et au son<\/li>\n\n\n\n<li>Maux de t\u00eate<\/li>\n\n\n\n<li>D\u00e9pression\/irritabilit\u00e9<\/li>\n\n\n\n<li>Troubles du sommeil<\/li>\n\n\n\n<li>Douleurs musculaires<\/li>\n\n\n\n<li>Vertiges<\/li>\n<\/ul>\n\n\n\n<p><strong>Le terme correct est-il \u00ab COVID long \u00bb ou \u00ab Post-COVID \u00bb ?<\/strong><\/p>\n\n\n\n<p>Pendant longtemps, on a utilis\u00e9 le terme \u00ab\u00a0COVID long\u00a0\u00bb. \u00ab\u00a0Long\u00a0\u00bb signifie \u00ab\u00a0prolong\u00e9\u00a0\u00bb, et ne fait donc pas r\u00e9f\u00e9rence aux poumons. Comme les sympt\u00f4mes apparaissent apr\u00e8s la fin de l&#039;infection par la COVID, le terme \u00ab\u00a0post-COVID\u00a0\u00bb est consid\u00e9r\u00e9 comme plus appropri\u00e9. \u00ab\u00a0Post\u00a0\u00bb signifie \u00ab\u00a0apr\u00e8s\u00a0\u00bb.<\/p>\n\n\n\n<p><strong>Pourquoi sait-on si peu de choses sur l\u2019apr\u00e8s-COVID ?<\/strong><\/p>\n\n\n\n<p>La doctorante Elke Wynberg a men\u00e9 des recherches sur l&#039;apr\u00e8s-COVID au cours des trois derni\u00e8res ann\u00e9es au Service de sant\u00e9 municipal d&#039;Amsterdam (GGD) et \u00e0 l&#039;UMC d&#039;Amsterdam. Selon elle, il est difficile d&#039;\u00e9tudier l&#039;apr\u00e8s-COVID, car il affecte diff\u00e9rents organes et se manifeste par des sympt\u00f4mes vari\u00e9s. Le tableau clinique est extr\u00eamement vari\u00e9. \u00ab Il serait utile de concentrer la recherche sur des sous-cat\u00e9gories de COVID longue, comme les patients atteints de COVID longue pr\u00e9sentant des troubles pulmonaires. Cela permettrait d&#039;en analyser les causes de mani\u00e8re beaucoup plus pr\u00e9cise \u00bb, explique Elke lors d&#039;un entretien.<\/p>\n\n\n\n<p><strong>Quels traitements sont disponibles apr\u00e8s la COVID ?<\/strong><\/p>\n\n\n\n<p>Lors d&#039;un entretien avec l&#039;Organisation mondiale de la Sant\u00e9 (OMS), la Dre Janet Diaz souligne que toute personne atteinte de la COVID-19 devrait consulter. En l&#039;absence de traitement sp\u00e9cifique \u00e0 ce jour, elle recommande d&#039;entamer un parcours de soins multidisciplinaire. Ainsi, les personnes peuvent s&#039;adresser \u00e0 leur m\u00e9decin traitant ainsi qu&#039;aux professionnels de la r\u00e9adaptation, aux travailleurs sociaux, aux travailleurs psychosociaux et aux professionnels de la sant\u00e9 mentale concern\u00e9s.<\/p>\n\n\n\n<p>Sur le site Web de la Fondation Long COVID, vous trouverez des informations sur les traitements symptomatiques et les traitements bas\u00e9s sur d&#039;\u00e9ventuels m\u00e9canismes biologiques sous-jacents.<\/p>\n\n\n\n<p><strong>Les employ\u00e9s ont-ils essay\u00e9 diff\u00e9rents traitements ?<\/strong><\/p>\n\n\n\n<p>Sont-ils ouverts \u00e0 une approche multidisciplinaire, incluant un traitement naturel et compl\u00e9mentaire\u00a0? Alors, informez-les de la possibilit\u00e9 de Nano CellCare.<\/p>\n\n\n\n<p><strong>Nano CellCare\u00a0: une alternative pour booster votre \u00e9nergie<\/strong><\/p>\n\n\n\n<p>La technologie innovante Nano CellCare transforme des substances essentielles, telles que l&#039;acide hyaluronique, le sel de la mer Morte et la vitamine C, en nanoparticules liquides. Gr\u00e2ce \u00e0 ce traitement, le corps peut absorber ces substances localement ou les transporter vers les zones prioritaires. Cela garantit, entre autres, une bonne hydratation, un renforcement du syst\u00e8me immunitaire et un soutien des poumons, des os et des tendons.<\/p>\n\n\n\n<p>Plus d\u2019une cinquantaine de clients ont b\u00e9n\u00e9fici\u00e9 de ce traitement pour leurs plaintes post-COVID*.<\/p>\n\n\n\n<p><strong>Vous envisagez un traitement Nano CellCare\u00a0?<\/strong><\/p>\n\n\n\n<p>Vous \u00eates curieux de savoir ce que Nano CellCare peut apporter \u00e0 vous ou \u00e0 vos employ\u00e9s\u00a0? Prenez rendez-vous avec un th\u00e9rapeute certifi\u00e9 Nano CellCare pr\u00e8s de chez vous via notre <a href=\"https:\/\/www.nanohealthcare.eu\/fr\/locator\/\" data-type=\"page\" data-id=\"758\">Localisateur de traitement<\/a>.<\/p>\n\n\n\n<p><em>*La th\u00e9rapie Nano CellCare est un traitement compl\u00e9mentaire non m\u00e9dical qui peut \u00eatre entrepris en compl\u00e9ment des th\u00e9rapies m\u00e9dicales, param\u00e9dicales et alternatives.<\/em><\/p>\n\n\n\n<p><\/p>","protected":false},"excerpt":{"rendered":"<p>D\u00e9couvrez un traitement compl\u00e9mentaire dont les r\u00e9sultats ont \u00e9t\u00e9 largement \u00e9prouv\u00e9s. Les ann\u00e9es 2020 et 2021 ont \u00e9t\u00e9 marqu\u00e9es par des actualit\u00e9s [\u2026]<\/p>","protected":false},"author":1,"featured_media":1137,"comment_status":"open","ping_status":"open","sticky":false,"template":"","format":"standard","meta":{"_acf_changed":false,"site-sidebar-layout":"default","site-content-layout":"","ast-site-content-layout":"","site-content-style":"default","site-sidebar-style":"default","ast-global-header-display":"","ast-banner-title-visibility":"","ast-main-header-display":"","ast-hfb-above-header-display":"","ast-hfb-below-header-display":"","ast-hfb-mobile-header-display":"","site-post-title":"","ast-breadcrumbs-content":"","ast-featured-img":"","footer-sml-layout":"","theme-transparent-header-meta":"","adv-header-id-meta":"","stick-header-meta":"","header-above-stick-meta":"","header-main-stick-meta":"","header-below-stick-meta":"","astra-migrate-meta-layouts":"default","ast-page-background-enabled":"default","ast-page-background-meta":{"desktop":{"background-color":"var(--ast-global-color-5)","background-image":"","background-repeat":"repeat","background-position":"center center","background-size":"auto","background-attachment":"scroll","background-type":"","background-media":"","overlay-type":"","overlay-color":"","overlay-opacity":"","overlay-gradient":""},"tablet":{"background-color":"","background-image":"","background-repeat":"repeat","background-position":"center center","background-size":"auto","background-attachment":"scroll","background-type":"","background-media":"","overlay-type":"","overlay-color":"","overlay-opacity":"","overlay-gradient":""},"mobile":{"background-color":"","background-image":"","background-repeat":"repeat","background-position":"center center","background-size":"auto","background-attachment":"scroll","background-type":"","background-media":"","overlay-type":"","overlay-color":"","overlay-opacity":"","overlay-gradient":""}},"ast-content-background-meta":{"desktop":{"background-color":"var(--ast-global-color-4)","background-image":"","background-repeat":"repeat","background-position":"center center","background-size":"auto","background-attachment":"scroll","background-type":"","background-media":"","overlay-type":"","overlay-color":"","overlay-opacity":"","overlay-gradient":""},"tablet":{"background-color":"var(--ast-global-color-4)","background-image":"","background-repeat":"repeat","background-position":"center center","background-size":"auto","background-attachment":"scroll","background-type":"","background-media":"","overlay-type":"","overlay-color":"","overlay-opacity":"","overlay-gradient":""},"mobile":{"background-color":"var(--ast-global-color-4)","background-image":"","background-repeat":"repeat","background-position":"center center","background-size":"auto","background-attachment":"scroll","background-type":"","background-media":"","overlay-type":"","overlay-color":"","overlay-opacity":"","overlay-gradient":""}},"footnotes":""},"categories":[1],"tags":[],"class_list":["post-1112","post","type-post","status-publish","format-standard","has-post-thumbnail","hentry","category-uncategorized"],"acf":[],"_links":{"self":[{"href":"https:\/\/www.nanohealthcare.eu\/fr\/wp-json\/wp\/v2\/posts\/1112","targetHints":{"allow":["GET"]}}],"collection":[{"href":"https:\/\/www.nanohealthcare.eu\/fr\/wp-json\/wp\/v2\/posts"}],"about":[{"href":"https:\/\/www.nanohealthcare.eu\/fr\/wp-json\/wp\/v2\/types\/post"}],"author":[{"embeddable":true,"href":"https:\/\/www.nanohealthcare.eu\/fr\/wp-json\/wp\/v2\/users\/1"}],"replies":[{"embeddable":true,"href":"https:\/\/www.nanohealthcare.eu\/fr\/wp-json\/wp\/v2\/comments?post=1112"}],"version-history":[{"count":0,"href":"https:\/\/www.nanohealthcare.eu\/fr\/wp-json\/wp\/v2\/posts\/1112\/revisions"}],"wp:featuredmedia":[{"embeddable":true,"href":"https:\/\/www.nanohealthcare.eu\/fr\/wp-json\/wp\/v2\/media\/1137"}],"wp:attachment":[{"href":"https:\/\/www.nanohealthcare.eu\/fr\/wp-json\/wp\/v2\/media?parent=1112"}],"wp:term":[{"taxonomy":"category","embeddable":true,"href":"https:\/\/www.nanohealthcare.eu\/fr\/wp-json\/wp\/v2\/categories?post=1112"},{"taxonomy":"post_tag","embeddable":true,"href":"https:\/\/www.nanohealthcare.eu\/fr\/wp-json\/wp\/v2\/tags?post=1112"}],"curies":[{"name":"wp","href":"https:\/\/api.w.org\/{rel}","templated":true}]}}