{"id":1112,"date":"2023-12-13T09:58:00","date_gmt":"2023-12-13T09:58:00","guid":{"rendered":"https:\/\/healthcare-plaza.eu\/?p=1112"},"modified":"2024-10-24T00:04:09","modified_gmt":"2024-10-24T00:04:09","slug":"speelt-post-covid-een-rol-bij-jou-op-de-werkvloer","status":"publish","type":"post","link":"https:\/\/www.nanohealthcare.eu\/es\/speelt-post-covid-een-rol-bij-jou-op-de-werkvloer\/","title":{"rendered":"\u00bfLa situaci\u00f3n post-COVID est\u00e1 afectando su lugar de trabajo?"},"content":{"rendered":"<p><em>Descubra un tratamiento complementario experimentado por muchos con resultados positivos.<\/em><\/p>\n\n\n\n<p>Los a\u00f1os 2020 y 2021 se caracterizaron por las noticias sobre la COVID-19. Ahora que las tasas diarias de contagio, las UCI llenas y las alertas especiales son cosa del pasado, la atenci\u00f3n se ha centrado en la pandemia &quot;en la sombra&quot;: la pos-COVID. Cualquier persona que contraiga COVID puede contraerla, desde j\u00f3venes hasta mayores.<\/p>\n\n\n\n<p>Para quienes se enfrentan a la etapa pos-COVID (anteriormente COVID prolongada), las consecuencias son profundas. Muchos se ven obligados a mantenerse al margen, limitados por las secuelas del virus.<\/p>\n\n\n\n<p>Un estudio de Erasmus MC revela cifras alarmantes: nada menos que el 79% de personas con COVID-19 trabajan menos horas o no pueden trabajar. Adem\u00e1s, esto no solo afecta al trabajo, sino tambi\u00e9n a los estudios, las aficiones y las interacciones sociales.<\/p>\n\n\n\n<p>Como empleador, usted desempe\u00f1a un papel importante en el apoyo a estos empleados en su recuperaci\u00f3n. Es crucial ayudarlos a recuperar la salud y la energ\u00eda para que puedan retomar sus vidas y disfrutar de nuevo del trabajo.<\/p>\n\n\n\n<p>Pero, \u00bfc\u00f3mo puede contribuir como empleador? En este blog, profundizamos en el impacto de la pandemia y exploramos terapias que pueden ayudar a sus empleados en su proceso de recuperaci\u00f3n.<\/p>\n\n\n\n<p><strong>\u00bfQu\u00e9 es la era post-COVID?<\/strong><\/p>\n\n\n\n<p>Las personas que experimentan s\u00edntomas durante m\u00e1s de tres meses despu\u00e9s de contraer COVID-19 presentan s\u00edntomas pos-COVID. A\u00fan se desconoce mucho. \u00bfPor qu\u00e9 una persona contrae la enfermedad mientras que otra se recupera a los pocos d\u00edas? \u00bfY c\u00f3mo se puede tratar? Para responder a estas preguntas, se est\u00e1n realizando investigaciones exhaustivas tanto a nivel nacional como internacional.<\/p>\n\n\n\n<p><strong>S\u00edntomas comunes del post-COVID:<\/strong><\/p>\n\n\n\n<p>Las personas con post-COVID suelen sufrir los siguientes s\u00edntomas:<\/p>\n\n\n\n<ul class=\"wp-block-list\">\n<li>Fatiga<\/li>\n\n\n\n<li>Problemas de concentraci\u00f3n<\/li>\n\n\n\n<li>Problemas de memoria<\/li>\n\n\n\n<li>Dificultad para respirar<\/li>\n\n\n\n<li>Hipersensibilidad a la luz y al sonido<\/li>\n\n\n\n<li>dolores de cabeza<\/li>\n\n\n\n<li>Depresi\u00f3n\/irritabilidad<\/li>\n\n\n\n<li>Trastornos del sue\u00f1o<\/li>\n\n\n\n<li>Dolor muscular<\/li>\n\n\n\n<li>Mareo<\/li>\n<\/ul>\n\n\n\n<p><strong>\u00bfEl t\u00e9rmino correcto es COVID largo o Post-COVID?<\/strong><\/p>\n\n\n\n<p>Durante mucho tiempo, se utiliz\u00f3 el t\u00e9rmino &quot;COVID persistente&quot;. &quot;Persistente&quot; significa &quot;prolongado&quot;, por lo que no se refiere a nuestros pulmones. Dado que los s\u00edntomas aparecen despu\u00e9s de que la infecci\u00f3n por COVID haya pasado, el t\u00e9rmino &quot;post-COVID&quot; se considera m\u00e1s apropiado. &quot;Post&quot; significa &quot;despu\u00e9s&quot;.<\/p>\n\n\n\n<p><strong>\u00bfPor qu\u00e9 se sabe tan poco sobre la era post-COVID?<\/strong><\/p>\n\n\n\n<p>La doctoranda Elke Wynberg investig\u00f3 sobre la enfermedad post-COVID durante los \u00faltimos tres a\u00f1os en el Servicio Municipal de Salud (GGD) de \u00c1msterdam y el UMC de \u00c1msterdam. Seg\u00fan ella, estudiar la enfermedad post-COVID es un desaf\u00edo porque afecta a diferentes \u00f3rganos y se manifiesta con diversos s\u00edntomas. El cuadro cl\u00ednico es incre\u00edblemente variado. &quot;Ser\u00eda \u00fatil centrar la investigaci\u00f3n en subcategor\u00edas de la COVID persistente, como los pacientes con COVID persistente con problemas pulmonares. As\u00ed se podr\u00edan analizar las causas con mucha m\u00e1s precisi\u00f3n&quot;, afirma Elke durante una entrevista.<\/p>\n\n\n\n<p><strong>\u00bfQu\u00e9 tratamientos est\u00e1n disponibles para la etapa post-COVID?<\/strong><\/p>\n\n\n\n<p>En una conversaci\u00f3n con la Organizaci\u00f3n Mundial de la Salud (OMS), la Dra. Janet D\u00edaz enfatiza que todas las personas con s\u00edntomas pos-COVID deben buscar atenci\u00f3n m\u00e9dica. Dado que a\u00fan no existe un tratamiento espec\u00edfico, recomienda iniciar un programa de atenci\u00f3n multidisciplinar. Esto significa que las personas pueden acudir a su m\u00e9dico de cabecera, as\u00ed como a profesionales de rehabilitaci\u00f3n especializados, trabajadores sociales, trabajadores psicosociales y profesionales de la salud mental.<\/p>\n\n\n\n<p>En el sitio web de la Fundaci\u00f3n Long COVID puede encontrar informaci\u00f3n sobre tratamientos sintom\u00e1ticos y tratamientos basados en posibles mecanismos biol\u00f3gicos subyacentes.<\/p>\n\n\n\n<p><strong>\u00bfLos empleados han probado distintos tratamientos?<\/strong><\/p>\n\n\n\n<p>\u00bfEst\u00e1n abiertos a una trayectoria multidisciplinar, que incluya un tratamiento natural y complementario? Inf\u00f3rmeles sobre la posibilidad de Nano CellCare.<\/p>\n\n\n\n<p><strong>Nano CellCare: una alternativa para darle energ\u00eda a tu cuerpo<\/strong><\/p>\n\n\n\n<p>La innovadora tecnolog\u00eda Nano CellCare transforma sustancias importantes, como el \u00e1cido hialur\u00f3nico, la sal del Mar Muerto y la vitamina C, en nanopart\u00edculas l\u00edquidas. Mediante este tratamiento, el cuerpo puede absorber estas sustancias localmente o transportarlas a las zonas prioritarias. Esto garantiza, entre otras cosas, una buena hidrataci\u00f3n, un refuerzo del sistema inmunitario y el fortalecimiento de pulmones, huesos y tendones.<\/p>\n\n\n\n<p>M\u00e1s de cincuenta clientes se han beneficiado de este tratamiento para sus molestias post-COVID*.<\/p>\n\n\n\n<p><strong>\u00bfEst\u00e1 considerando un tratamiento Nano CellCare?<\/strong><\/p>\n\n\n\n<p>\u00bfTiene curiosidad por saber qu\u00e9 puede significar Nano CellCare para usted o sus empleados? Concierte una cita con un terapeuta certificado en Nano CellCare cerca de usted a trav\u00e9s de nuestro... <a href=\"https:\/\/www.nanohealthcare.eu\/es\/locator\/\" data-type=\"page\" data-id=\"758\">Localizador de tratamientos<\/a>.<\/p>\n\n\n\n<p><em>*La terapia Nano CellCare es un tratamiento complementario, no m\u00e9dico, que puede realizarse como complemento a terapias m\u00e9dicas, param\u00e9dicas y alternativas.<\/em><\/p>\n\n\n\n<p><\/p>","protected":false},"excerpt":{"rendered":"<p>Discover a Complementary Treatment Experienced by Many with Positive Results. The years 2020 and 2021 were characterized by news about [&hellip;]<\/p>","protected":false},"author":1,"featured_media":1137,"comment_status":"open","ping_status":"open","sticky":false,"template":"","format":"standard","meta":{"_acf_changed":false,"site-sidebar-layout":"default","site-content-layout":"","ast-site-content-layout":"","site-content-style":"default","site-sidebar-style":"default","ast-global-header-display":"","ast-banner-title-visibility":"","ast-main-header-display":"","ast-hfb-above-header-display":"","ast-hfb-below-header-display":"","ast-hfb-mobile-header-display":"","site-post-title":"","ast-breadcrumbs-content":"","ast-featured-img":"","footer-sml-layout":"","theme-transparent-header-meta":"","adv-header-id-meta":"","stick-header-meta":"","header-above-stick-meta":"","header-main-stick-meta":"","header-below-stick-meta":"","astra-migrate-meta-layouts":"default","ast-page-background-enabled":"default","ast-page-background-meta":{"desktop":{"background-color":"var(--ast-global-color-5)","background-image":"","background-repeat":"repeat","background-position":"center center","background-size":"auto","background-attachment":"scroll","background-type":"","background-media":"","overlay-type":"","overlay-color":"","overlay-opacity":"","overlay-gradient":""},"tablet":{"background-color":"","background-image":"","background-repeat":"repeat","background-position":"center center","background-size":"auto","background-attachment":"scroll","background-type":"","background-media":"","overlay-type":"","overlay-color":"","overlay-opacity":"","overlay-gradient":""},"mobile":{"background-color":"","background-image":"","background-repeat":"repeat","background-position":"center center","background-size":"auto","background-attachment":"scroll","background-type":"","background-media":"","overlay-type":"","overlay-color":"","overlay-opacity":"","overlay-gradient":""}},"ast-content-background-meta":{"desktop":{"background-color":"var(--ast-global-color-4)","background-image":"","background-repeat":"repeat","background-position":"center center","background-size":"auto","background-attachment":"scroll","background-type":"","background-media":"","overlay-type":"","overlay-color":"","overlay-opacity":"","overlay-gradient":""},"tablet":{"background-color":"var(--ast-global-color-4)","background-image":"","background-repeat":"repeat","background-position":"center center","background-size":"auto","background-attachment":"scroll","background-type":"","background-media":"","overlay-type":"","overlay-color":"","overlay-opacity":"","overlay-gradient":""},"mobile":{"background-color":"var(--ast-global-color-4)","background-image":"","background-repeat":"repeat","background-position":"center center","background-size":"auto","background-attachment":"scroll","background-type":"","background-media":"","overlay-type":"","overlay-color":"","overlay-opacity":"","overlay-gradient":""}},"footnotes":""},"categories":[1],"tags":[],"class_list":["post-1112","post","type-post","status-publish","format-standard","has-post-thumbnail","hentry","category-uncategorized"],"acf":[],"_links":{"self":[{"href":"https:\/\/www.nanohealthcare.eu\/es\/wp-json\/wp\/v2\/posts\/1112","targetHints":{"allow":["GET"]}}],"collection":[{"href":"https:\/\/www.nanohealthcare.eu\/es\/wp-json\/wp\/v2\/posts"}],"about":[{"href":"https:\/\/www.nanohealthcare.eu\/es\/wp-json\/wp\/v2\/types\/post"}],"author":[{"embeddable":true,"href":"https:\/\/www.nanohealthcare.eu\/es\/wp-json\/wp\/v2\/users\/1"}],"replies":[{"embeddable":true,"href":"https:\/\/www.nanohealthcare.eu\/es\/wp-json\/wp\/v2\/comments?post=1112"}],"version-history":[{"count":0,"href":"https:\/\/www.nanohealthcare.eu\/es\/wp-json\/wp\/v2\/posts\/1112\/revisions"}],"wp:featuredmedia":[{"embeddable":true,"href":"https:\/\/www.nanohealthcare.eu\/es\/wp-json\/wp\/v2\/media\/1137"}],"wp:attachment":[{"href":"https:\/\/www.nanohealthcare.eu\/es\/wp-json\/wp\/v2\/media?parent=1112"}],"wp:term":[{"taxonomy":"category","embeddable":true,"href":"https:\/\/www.nanohealthcare.eu\/es\/wp-json\/wp\/v2\/categories?post=1112"},{"taxonomy":"post_tag","embeddable":true,"href":"https:\/\/www.nanohealthcare.eu\/es\/wp-json\/wp\/v2\/tags?post=1112"}],"curies":[{"name":"gracias","href":"https:\/\/api.w.org\/{rel}","templated":true}]}}