{"id":1112,"date":"2023-12-13T09:58:00","date_gmt":"2023-12-13T09:58:00","guid":{"rendered":"https:\/\/healthcare-plaza.eu\/?p=1112"},"modified":"2024-10-24T00:04:09","modified_gmt":"2024-10-24T00:04:09","slug":"speelt-post-covid-een-rol-bij-jou-op-de-werkvloer","status":"publish","type":"post","link":"https:\/\/www.nanohealthcare.eu\/de\/speelt-post-covid-een-rol-bij-jou-op-de-werkvloer\/","title":{"rendered":"Hat die Zeit nach COVID Auswirkungen auf Ihren Arbeitsplatz?"},"content":{"rendered":"<p><em>Entdecken Sie eine erg\u00e4nzende Behandlung, die viele mit positiven Ergebnissen erlebt haben.<\/em><\/p>\n\n\n\n<p>Die Jahre 2020 und 2021 waren gepr\u00e4gt von Nachrichten rund um COVID-19. Da t\u00e4gliche Infektionsraten, volle Intensivstationen und Sonderwarnungen der Vergangenheit angeh\u00f6ren, richtet sich der Fokus nun auf die \u201eSchatten\u201c-Pandemie: Post-COVID. Jeder, der sich mit COVID infiziert, kann sich anstecken, egal ob jung oder alt.<\/p>\n\n\n\n<p>F\u00fcr Menschen, die mit einer Post-COVID-Erkrankung (fr\u00fcher Long COVID) zu k\u00e4mpfen haben, sind die Folgen gravierend. Viele finden sich unfreiwillig am Rande wieder, eingeschr\u00e4nkt durch die Nachwirkungen des Virus.<\/p>\n\n\n\n<p>Untersuchungen von Erasmus MC zeigen alarmierende Zahlen: Nicht weniger als 791.000 Menschen mit einer COVID-Erkrankung arbeiten weniger oder sind \u00fcberhaupt nicht mehr arbeitsf\u00e4hig. Dar\u00fcber hinaus beeintr\u00e4chtigt die Krankheit nicht nur die Arbeit, sondern auch das Studium, Hobbys und soziale Kontakte.<\/p>\n\n\n\n<p>Als Arbeitgeber spielen Sie eine wichtige Rolle bei der Unterst\u00fctzung dieser Mitarbeiter bei ihrer Genesung. Es ist entscheidend, ihnen zu helfen, wieder gesund und voller Energie zu werden, damit sie ihr Leben wieder aufnehmen und wieder Freude an der Arbeit haben k\u00f6nnen.<\/p>\n\n\n\n<p>Doch welchen Beitrag k\u00f6nnen Sie als Arbeitgeber leisten? In diesem Blogbeitrag gehen wir n\u00e4her auf die Auswirkungen der COVID-Pandemie ein und untersuchen Therapien, die Ihre Mitarbeiter bei der Genesung unterst\u00fctzen k\u00f6nnen.<\/p>\n\n\n\n<p><strong>Was ist Post-COVID?<\/strong><\/p>\n\n\n\n<p>Menschen, die l\u00e4nger als drei Monate nach ihrer COVID-Infektion Symptome haben, leiden an Post-COVID. Vieles ist noch unklar. Warum erkrankt der eine, w\u00e4hrend der andere nach wenigen Tagen wieder gesund ist? Und wie k\u00f6nnen Betroffene behandelt werden? Um diese Fragen zu beantworten, wird national und international intensiv geforscht.<\/p>\n\n\n\n<p><strong>H\u00e4ufige Symptome von Post-COVID:<\/strong><\/p>\n\n\n\n<p>Menschen mit Post-COVID leiden h\u00e4ufig unter folgenden Symptomen:<\/p>\n\n\n\n<ul class=\"wp-block-list\">\n<li>Erm\u00fcdung<\/li>\n\n\n\n<li>Konzentrationsprobleme<\/li>\n\n\n\n<li>Speicherprobleme<\/li>\n\n\n\n<li>Kurzatmigkeit<\/li>\n\n\n\n<li>\u00dcberempfindlichkeit gegen\u00fcber Licht und Ger\u00e4uschen<\/li>\n\n\n\n<li>Kopfschmerzen<\/li>\n\n\n\n<li>Depression\/Reizbarkeit<\/li>\n\n\n\n<li>Schlafst\u00f6rungen<\/li>\n\n\n\n<li>Muskelschmerzen<\/li>\n\n\n\n<li>Schwindel<\/li>\n<\/ul>\n\n\n\n<p><strong>Ist der richtige Begriff \u201eLong COVID\u201c oder \u201ePost-COVID\u201c?<\/strong><\/p>\n\n\n\n<p>Lange Zeit wurde der Begriff \u201eLong COVID\u201c verwendet. \u201eLong\u201c bedeutet \u201everl\u00e4ngert\u201c und bezieht sich daher nicht auf unsere Lunge. Da die Symptome erst nach der COVID-Infektion auftreten, gilt der Begriff \u201ePost-COVID\u201c als passender. \u201ePost\u201c bedeutet \u201enach\u201c.<\/p>\n\n\n\n<p><strong>Warum ist so wenig \u00fcber die Zeit nach COVID bekannt?<\/strong><\/p>\n\n\n\n<p>Doktorandin Elke Wynberg forschte in den letzten drei Jahren am St\u00e4dtischen Gesundheitsdienst (GGD) in Amsterdam und am Amsterdam UMC zu Post-COVID. Ihrer Meinung nach ist die Erforschung von Post-COVID eine Herausforderung, da verschiedene Organe betroffen sind und sich unterschiedliche Symptome \u00e4u\u00dfern. Das Krankheitsbild ist unglaublich vielf\u00e4ltig. \u201eEs w\u00e4re hilfreich, die Forschung auf Unterkategorien von Long COVID zu konzentrieren, beispielsweise Long-COVID-Patienten mit Lungenbeschwerden. Dann kann man die Ursachen viel genauer untersuchen\u201c, sagt Elke im Interview.<\/p>\n\n\n\n<p><strong>Welche Behandlungen stehen f\u00fcr die Zeit nach COVID zur Verf\u00fcgung?<\/strong><\/p>\n\n\n\n<p>In einem Gespr\u00e4ch mit der Weltgesundheitsorganisation (WHO) betont Dr. Janet Diaz, dass sich alle Menschen mit einer Post-COVID-Erkrankung behandeln lassen sollten. Da es noch keine spezifische Behandlung gibt, r\u00e4t sie zu einem multidisziplin\u00e4ren Behandlungspfad. Das bedeutet, dass sich Betroffene an ihren Hausarzt sowie an entsprechende Rehabilitationsfachkr\u00e4fte, Sozialarbeiter, Psychosozialarbeiter und Fachkr\u00e4fte f\u00fcr psychische Gesundheit wenden k\u00f6nnen.<\/p>\n\n\n\n<p>Auf der Website der Long COVID Foundation finden Sie Informationen zu symptomatischen Behandlungen und Behandlungen, die auf m\u00f6glichen zugrunde liegenden biologischen Mechanismen basieren.<\/p>\n\n\n\n<p><strong>Haben die Mitarbeiter verschiedene Behandlungen ausprobiert?<\/strong><\/p>\n\n\n\n<p>Und sind sie offen f\u00fcr einen multidisziplin\u00e4ren Ansatz, einschlie\u00dflich einer nat\u00fcrlichen, erg\u00e4nzenden Behandlung? Dann informieren Sie sie \u00fcber die M\u00f6glichkeit von Nano CellCare.<\/p>\n\n\n\n<p><strong>Nano CellCare: Eine Alternative, um Ihrem K\u00f6rper einen Energieschub zu geben<\/strong><\/p>\n\n\n\n<p>Die innovative Nano CellCare Technologie wandelt wichtige Substanzen wie Hyalurons\u00e4ure, Totes-Meer-Salz und Vitamin C in fl\u00fcssige Nanopartikel um. Durch diese Behandlung kann der K\u00f6rper diese Substanzen lokal aufnehmen oder an priorisierte Bereiche transportieren. Dies sorgt unter anderem f\u00fcr eine gute Fl\u00fcssigkeitszufuhr, st\u00e4rkt das Immunsystem und unterst\u00fctzt Lunge, Knochen und Sehnen.<\/p>\n\n\n\n<p>Mehr als f\u00fcnfzig Klienten haben von dieser Behandlung ihrer Post-COVID-Beschwerden profitiert*.<\/p>\n\n\n\n<p><strong>Denken Sie \u00fcber eine Nano CellCare-Behandlung nach?<\/strong><\/p>\n\n\n\n<p>Sind Sie neugierig, was Nano CellCare f\u00fcr Sie oder Ihre Mitarbeiter bedeuten kann? Vereinbaren Sie einen Termin mit einem zertifizierten Nano CellCare-Therapeuten in Ihrer N\u00e4he \u00fcber unser <a href=\"https:\/\/www.nanohealthcare.eu\/de\/locator\/\" data-type=\"page\" data-id=\"758\">Behandlungsfinder<\/a>.<\/p>\n\n\n\n<p><em>*Die Nano CellCare-Therapie ist eine komplement\u00e4re, nicht-medizinische Behandlung, die als Erg\u00e4nzung zu medizinischen, paramedizinischen und alternativen Therapien durchgef\u00fchrt werden kann.<\/em><\/p>\n\n\n\n<p><\/p>","protected":false},"excerpt":{"rendered":"<p>Entdecken Sie eine erg\u00e4nzende Behandlung, die viele mit positiven Ergebnissen erlebt haben. Die Jahre 2020 und 2021 waren gepr\u00e4gt von Nachrichten \u00fcber [\u2026]<\/p>","protected":false},"author":1,"featured_media":1137,"comment_status":"open","ping_status":"open","sticky":false,"template":"","format":"standard","meta":{"_acf_changed":false,"site-sidebar-layout":"default","site-content-layout":"","ast-site-content-layout":"","site-content-style":"default","site-sidebar-style":"default","ast-global-header-display":"","ast-banner-title-visibility":"","ast-main-header-display":"","ast-hfb-above-header-display":"","ast-hfb-below-header-display":"","ast-hfb-mobile-header-display":"","site-post-title":"","ast-breadcrumbs-content":"","ast-featured-img":"","footer-sml-layout":"","theme-transparent-header-meta":"","adv-header-id-meta":"","stick-header-meta":"","header-above-stick-meta":"","header-main-stick-meta":"","header-below-stick-meta":"","astra-migrate-meta-layouts":"default","ast-page-background-enabled":"default","ast-page-background-meta":{"desktop":{"background-color":"var(--ast-global-color-5)","background-image":"","background-repeat":"repeat","background-position":"center center","background-size":"auto","background-attachment":"scroll","background-type":"","background-media":"","overlay-type":"","overlay-color":"","overlay-opacity":"","overlay-gradient":""},"tablet":{"background-color":"","background-image":"","background-repeat":"repeat","background-position":"center center","background-size":"auto","background-attachment":"scroll","background-type":"","background-media":"","overlay-type":"","overlay-color":"","overlay-opacity":"","overlay-gradient":""},"mobile":{"background-color":"","background-image":"","background-repeat":"repeat","background-position":"center center","background-size":"auto","background-attachment":"scroll","background-type":"","background-media":"","overlay-type":"","overlay-color":"","overlay-opacity":"","overlay-gradient":""}},"ast-content-background-meta":{"desktop":{"background-color":"var(--ast-global-color-4)","background-image":"","background-repeat":"repeat","background-position":"center center","background-size":"auto","background-attachment":"scroll","background-type":"","background-media":"","overlay-type":"","overlay-color":"","overlay-opacity":"","overlay-gradient":""},"tablet":{"background-color":"var(--ast-global-color-4)","background-image":"","background-repeat":"repeat","background-position":"center center","background-size":"auto","background-attachment":"scroll","background-type":"","background-media":"","overlay-type":"","overlay-color":"","overlay-opacity":"","overlay-gradient":""},"mobile":{"background-color":"var(--ast-global-color-4)","background-image":"","background-repeat":"repeat","background-position":"center center","background-size":"auto","background-attachment":"scroll","background-type":"","background-media":"","overlay-type":"","overlay-color":"","overlay-opacity":"","overlay-gradient":""}},"footnotes":""},"categories":[1],"tags":[],"class_list":["post-1112","post","type-post","status-publish","format-standard","has-post-thumbnail","hentry","category-uncategorized"],"acf":[],"_links":{"self":[{"href":"https:\/\/www.nanohealthcare.eu\/de\/wp-json\/wp\/v2\/posts\/1112","targetHints":{"allow":["GET"]}}],"collection":[{"href":"https:\/\/www.nanohealthcare.eu\/de\/wp-json\/wp\/v2\/posts"}],"about":[{"href":"https:\/\/www.nanohealthcare.eu\/de\/wp-json\/wp\/v2\/types\/post"}],"author":[{"embeddable":true,"href":"https:\/\/www.nanohealthcare.eu\/de\/wp-json\/wp\/v2\/users\/1"}],"replies":[{"embeddable":true,"href":"https:\/\/www.nanohealthcare.eu\/de\/wp-json\/wp\/v2\/comments?post=1112"}],"version-history":[{"count":0,"href":"https:\/\/www.nanohealthcare.eu\/de\/wp-json\/wp\/v2\/posts\/1112\/revisions"}],"wp:featuredmedia":[{"embeddable":true,"href":"https:\/\/www.nanohealthcare.eu\/de\/wp-json\/wp\/v2\/media\/1137"}],"wp:attachment":[{"href":"https:\/\/www.nanohealthcare.eu\/de\/wp-json\/wp\/v2\/media?parent=1112"}],"wp:term":[{"taxonomy":"category","embeddable":true,"href":"https:\/\/www.nanohealthcare.eu\/de\/wp-json\/wp\/v2\/categories?post=1112"},{"taxonomy":"post_tag","embeddable":true,"href":"https:\/\/www.nanohealthcare.eu\/de\/wp-json\/wp\/v2\/tags?post=1112"}],"curies":[{"name":"wp","href":"https:\/\/api.w.org\/{rel}","templated":true}]}}