{"id":1112,"date":"2023-12-13T09:58:00","date_gmt":"2023-12-13T09:58:00","guid":{"rendered":"https:\/\/healthcare-plaza.eu\/?p=1112"},"modified":"2024-10-24T00:04:09","modified_gmt":"2024-10-24T00:04:09","slug":"speelt-post-covid-een-rol-bij-jou-op-de-werkvloer","status":"publish","type":"post","link":"https:\/\/www.nanohealthcare.eu\/cs\/speelt-post-covid-een-rol-bij-jou-op-de-werkvloer\/","title":{"rendered":"Ovliv\u0148uje post-COVID va\u0161e pracovi\u0161t\u011b?"},"content":{"rendered":"<p><em>Objevte dopl\u0148kovou l\u00e9\u010dbu, kterou za\u017eili mnoz\u00ed s\u00a0pozitivn\u00edmi v\u00fdsledky.<\/em><\/p>\n\n\n\n<p>Roky 2020 a 2021 byly charakterizov\u00e1ny zpr\u00e1vami o COVID-19. Nyn\u00ed, kdy\u017e jsou denn\u00ed m\u00edry infekce, pln\u00e9 JIP a speci\u00e1ln\u00ed poradenstv\u00ed minulost\u00ed, pozornost se p\u0159esunula na \u201est\u00ednovou\u201c pandemii: po COVID. Ka\u017ed\u00fd, kdo se nakaz\u00ed COVID, ho m\u016f\u017ee dostat, od mlad\u00fdch po star\u00e9.<\/p>\n\n\n\n<p>Pro lidi, kte\u0159\u00ed se pot\u00fdkaj\u00ed s post-COVID (d\u0159\u00edve Long COVID), jsou d\u016fsledky hlubok\u00e9. Mnoz\u00ed se neochotn\u011b ocitaj\u00ed na vedlej\u0161\u00ed koleji, omezeni n\u00e1sledky viru.<\/p>\n\n\n\n<p>V\u00fdzkum Erasmus MC odhaluje alarmuj\u00edc\u00ed \u010d\u00edsla: ne m\u00e9n\u011b ne\u017e 79% lid\u00ed s post-COVID pracuje m\u00e9n\u011b hodin nebo je zcela neschopno pracovat. Nav\u00edc to neovliv\u0148uje jen pr\u00e1ci, ale tak\u00e9 studium, kon\u00ed\u010dky a soci\u00e1ln\u00ed interakce.<\/p>\n\n\n\n<p>Jako zam\u011bstnavatel m\u00e1te d\u016fle\u017eitou roli v podpo\u0159e t\u011bchto zam\u011bstnanc\u016f p\u0159i jejich zotaven\u00ed. Je velmi d\u016fle\u017eit\u00e9, abychom jim pomohli st\u00e1t se op\u011bt zdrav\u00fdmi a energick\u00fdmi, aby se mohli vr\u00e1tit do \u017eivota a znovu si u\u017e\u00edvat pr\u00e1ci.<\/p>\n\n\n\n<p>Jak ale m\u016f\u017eete p\u0159isp\u011bt jako zam\u011bstnavatel? V tomto blogu se pono\u0159\u00edme hloub\u011bji do dopadu post-COVID a prozkoum\u00e1me terapie, kter\u00e9 mohou pomoci va\u0161im zam\u011bstnanc\u016fm v procesu zotaven\u00ed.<\/p>\n\n\n\n<p><strong>Co je post-COVID?<\/strong><\/p>\n\n\n\n<p>Lid\u00e9, kte\u0159\u00ed poci\u0165uj\u00ed p\u0159\u00edznaky d\u00e9le ne\u017e t\u0159i m\u011bs\u00edce po infekci COVID, maj\u00ed post-COVID. Mnoho je st\u00e1le nezn\u00e1m\u00e9. Pro\u010d to jeden \u010dlov\u011bk dostane, zat\u00edmco jin\u00fd se zotav\u00ed po n\u011bkolika dnech? A jak lze s lidmi zach\u00e1zet? K zodpov\u011bzen\u00ed t\u011bchto ot\u00e1zek se prov\u00e1d\u00ed rozs\u00e1hl\u00fd v\u00fdzkum na dom\u00e1c\u00ed i mezin\u00e1rodn\u00ed \u00farovni.<\/p>\n\n\n\n<p><strong>B\u011b\u017en\u00e9 p\u0159\u00edznaky post-COVID:<\/strong><\/p>\n\n\n\n<p>Lid\u00e9 s post-COVID \u010dasto trp\u00ed n\u00e1sleduj\u00edc\u00edmi p\u0159\u00edznaky:<\/p>\n\n\n\n<ul class=\"wp-block-list\">\n<li>\u00danava<\/li>\n\n\n\n<li>Probl\u00e9my s koncentrac\u00ed<\/li>\n\n\n\n<li>Probl\u00e9my s pam\u011bt\u00ed<\/li>\n\n\n\n<li>Du\u0161nost<\/li>\n\n\n\n<li>P\u0159ecitliv\u011blost na sv\u011btlo a zvuk<\/li>\n\n\n\n<li>Bolesti hlavy<\/li>\n\n\n\n<li>Deprese\/podr\u00e1\u017ed\u011bnost<\/li>\n\n\n\n<li>Poruchy sp\u00e1nku<\/li>\n\n\n\n<li>Bolest sval\u016f<\/li>\n\n\n\n<li>Z\u00e1vra\u0165<\/li>\n<\/ul>\n\n\n\n<p><strong>Je spr\u00e1vn\u00fd term\u00edn dlouh\u00fd COVID nebo post-COVID?<\/strong><\/p>\n\n\n\n<p>Dlouhou dobu se pou\u017e\u00edval term\u00edn &#039;Long COVID&#039;. \u201eDlouh\u00fd\u201c znamen\u00e1 \u201eprodlou\u017een\u00fd\u201c, tak\u017ee se nevztahuje na na\u0161e pl\u00edce. Vzhledem k tomu, \u017ee se symptomy objevuj\u00ed po odezn\u011bn\u00ed infekce COVID, pova\u017euje se za vhodn\u011bj\u0161\u00ed term\u00edn post-COVID. &#039;Poslat&#039; znamen\u00e1 &#039;po.&#039;<\/p>\n\n\n\n<p><strong>Pro\u010d se o post-COVID tak m\u00e1lo v\u00ed?<\/strong><\/p>\n\n\n\n<p>Kandid\u00e1tka na doktorandsk\u00e9 studium Elke Wynberg prov\u00e1d\u011bla v\u00fdzkum post-COVID za posledn\u00ed t\u0159i roky na M\u011bstsk\u00e9 zdravotn\u00ed slu\u017eb\u011b (GGD) v Amsterdamu a amsterdamsk\u00e9 UMC. Podle n\u00ed je n\u00e1ro\u010dn\u00e9 studovat po COVID, proto\u017ee postihuje r\u016fzn\u00e9 org\u00e1ny a projevuje se r\u016fzn\u00fdmi p\u0159\u00edznaky. Klinick\u00fd obraz je neuv\u011b\u0159iteln\u011b pestr\u00fd. &quot;Pomohlo by zam\u011b\u0159it v\u00fdzkum na podkategorie Long COVID, jako jsou pacienti Long COVID s plicn\u00edmi pot\u00ed\u017eemi. Pak se m\u016f\u017eete pod\u00edvat na p\u0159\u00ed\u010diny mnohem ost\u0159eji,&quot; \u0159\u00edk\u00e1 Elke b\u011bhem rozhovoru.<\/p>\n\n\n\n<p><strong>Jak\u00e1 l\u00e9\u010dba je k dispozici pro obdob\u00ed po COVID?<\/strong><\/p>\n\n\n\n<p>V rozhovoru se Sv\u011btovou zdravotnickou organizac\u00ed (WHO) Dr. Janet Diaz zd\u016fraz\u0148uje, \u017ee ka\u017ed\u00fd s post-COVID by m\u011bl vyhledat p\u00e9\u010di. Vzhledem k tomu, \u017ee zat\u00edm neexistuje \u017e\u00e1dn\u00e1 specifick\u00e1 l\u00e9\u010dba, doporu\u010duje zah\u00e1jit cestu multidisciplin\u00e1rn\u00ed p\u00e9\u010de. To znamen\u00e1, \u017ee se lid\u00e9 mohou obr\u00e1tit na sv\u00e9ho poskytovatele prim\u00e1rn\u00ed p\u00e9\u010de i na p\u0159\u00edslu\u0161n\u00e9 specializovan\u00e9 rehabilita\u010dn\u00ed pracovn\u00edky, soci\u00e1ln\u00ed pracovn\u00edky, psychosoci\u00e1ln\u00ed pracovn\u00edky a odborn\u00edky na du\u0161evn\u00ed zdrav\u00ed.<\/p>\n\n\n\n<p>Na webov\u00fdch str\u00e1nk\u00e1ch Long COVID Foundation m\u016f\u017eete naj\u00edt informace o symptomatick\u00e9 l\u00e9\u010db\u011b a l\u00e9\u010db\u011b zalo\u017een\u00e9 na mo\u017en\u00fdch z\u00e1kladn\u00edch biologick\u00fdch mechanismech.<\/p>\n\n\n\n<p><strong>Vyzkou\u0161eli zam\u011bstnanci r\u016fzn\u00e9 zp\u016fsoby l\u00e9\u010dby?<\/strong><\/p>\n\n\n\n<p>A jsou otev\u0159eny multidisciplin\u00e1rn\u00ed trajektorii, v\u010detn\u011b p\u0159irozen\u00e9, dopl\u0148kov\u00e9 l\u00e9\u010dby? Pak je informujte o mo\u017enosti Nano CellCare.<\/p>\n\n\n\n<p><strong>Nano CellCare: Alternativa, jak dodat t\u011blu energii<\/strong><\/p>\n\n\n\n<p>Inovativn\u00ed technologie Nano CellCare p\u0159em\u011b\u0148uje d\u016fle\u017eit\u00e9 l\u00e1tky, jako je kyselina hyaluronov\u00e1, s\u016fl z Mrtv\u00e9ho mo\u0159e a vitam\u00edn C, na tekut\u00e9 nano\u010d\u00e1stice. Prost\u0159ednictv\u00edm t\u00e9to l\u00e9\u010dby m\u016f\u017ee t\u011blo lok\u00e1ln\u011b absorbovat tyto l\u00e1tky nebo je transportovat do oblast\u00ed, kter\u00e9 maj\u00ed p\u0159ednost. T\u00edm je mimo jin\u00e9 zaji\u0161t\u011bno, \u017ee je t\u011blo dob\u0159e hydratov\u00e1no, imunitn\u00ed syst\u00e9m dostane vzpruhu, podpo\u0159\u00ed se pl\u00edce, kosti a \u0161lachy.<\/p>\n\n\n\n<p>V\u00edce ne\u017e pades\u00e1t klient\u016f vyu\u017eilo t\u00e9to l\u00e9\u010dby pro sv\u00e9 st\u00ed\u017enosti po COVID*.<\/p>\n\n\n\n<p><strong>Uva\u017eujete o o\u0161et\u0159en\u00ed Nano CellCare?<\/strong><\/p>\n\n\n\n<p>Zaj\u00edm\u00e1 v\u00e1s, co m\u016f\u017ee Nano CellCare znamenat pro v\u00e1s nebo va\u0161e zam\u011bstnance? Domluvte si sch\u016fzku s certifikovan\u00fdm terapeutem Nano CellCare ve va\u0161em okol\u00ed prost\u0159ednictv\u00edm na\u0161eho <a href=\"https:\/\/www.nanohealthcare.eu\/cs\/locator\/\" data-type=\"page\" data-id=\"758\">Lok\u00e1tor l\u00e9\u010dby<\/a>.<\/p>\n\n\n\n<p><em>*Terapie Nano CellCare je dopl\u0148kov\u00e1, nel\u00e9ka\u0159sk\u00e1 l\u00e9\u010dba, kterou lze podstoupit jako dopln\u011bk k l\u00e9ka\u0159sk\u00fdm, nel\u00e9ka\u0159sk\u00fdm a alternativn\u00edm terapi\u00edm.<\/em><\/p>\n\n\n\n<p><\/p>","protected":false},"excerpt":{"rendered":"<p>Objevte dopl\u0148kovou l\u00e9\u010dbu, kterou mnoho lid\u00ed vyzkou\u0161elo s pozitivn\u00edmi v\u00fdsledky. Roky 2020 a 2021 se vyzna\u010dovaly zpr\u00e1vami o [\u2026]<\/p>","protected":false},"author":1,"featured_media":1137,"comment_status":"open","ping_status":"open","sticky":false,"template":"","format":"standard","meta":{"_acf_changed":false,"site-sidebar-layout":"default","site-content-layout":"","ast-site-content-layout":"","site-content-style":"default","site-sidebar-style":"default","ast-global-header-display":"","ast-banner-title-visibility":"","ast-main-header-display":"","ast-hfb-above-header-display":"","ast-hfb-below-header-display":"","ast-hfb-mobile-header-display":"","site-post-title":"","ast-breadcrumbs-content":"","ast-featured-img":"","footer-sml-layout":"","theme-transparent-header-meta":"","adv-header-id-meta":"","stick-header-meta":"","header-above-stick-meta":"","header-main-stick-meta":"","header-below-stick-meta":"","astra-migrate-meta-layouts":"default","ast-page-background-enabled":"default","ast-page-background-meta":{"desktop":{"background-color":"var(--ast-global-color-5)","background-image":"","background-repeat":"repeat","background-position":"center center","background-size":"auto","background-attachment":"scroll","background-type":"","background-media":"","overlay-type":"","overlay-color":"","overlay-opacity":"","overlay-gradient":""},"tablet":{"background-color":"","background-image":"","background-repeat":"repeat","background-position":"center center","background-size":"auto","background-attachment":"scroll","background-type":"","background-media":"","overlay-type":"","overlay-color":"","overlay-opacity":"","overlay-gradient":""},"mobile":{"background-color":"","background-image":"","background-repeat":"repeat","background-position":"center center","background-size":"auto","background-attachment":"scroll","background-type":"","background-media":"","overlay-type":"","overlay-color":"","overlay-opacity":"","overlay-gradient":""}},"ast-content-background-meta":{"desktop":{"background-color":"var(--ast-global-color-4)","background-image":"","background-repeat":"repeat","background-position":"center center","background-size":"auto","background-attachment":"scroll","background-type":"","background-media":"","overlay-type":"","overlay-color":"","overlay-opacity":"","overlay-gradient":""},"tablet":{"background-color":"var(--ast-global-color-4)","background-image":"","background-repeat":"repeat","background-position":"center center","background-size":"auto","background-attachment":"scroll","background-type":"","background-media":"","overlay-type":"","overlay-color":"","overlay-opacity":"","overlay-gradient":""},"mobile":{"background-color":"var(--ast-global-color-4)","background-image":"","background-repeat":"repeat","background-position":"center center","background-size":"auto","background-attachment":"scroll","background-type":"","background-media":"","overlay-type":"","overlay-color":"","overlay-opacity":"","overlay-gradient":""}},"footnotes":""},"categories":[1],"tags":[],"class_list":["post-1112","post","type-post","status-publish","format-standard","has-post-thumbnail","hentry","category-uncategorized"],"acf":[],"_links":{"self":[{"href":"https:\/\/www.nanohealthcare.eu\/cs\/wp-json\/wp\/v2\/posts\/1112","targetHints":{"allow":["GET"]}}],"collection":[{"href":"https:\/\/www.nanohealthcare.eu\/cs\/wp-json\/wp\/v2\/posts"}],"about":[{"href":"https:\/\/www.nanohealthcare.eu\/cs\/wp-json\/wp\/v2\/types\/post"}],"author":[{"embeddable":true,"href":"https:\/\/www.nanohealthcare.eu\/cs\/wp-json\/wp\/v2\/users\/1"}],"replies":[{"embeddable":true,"href":"https:\/\/www.nanohealthcare.eu\/cs\/wp-json\/wp\/v2\/comments?post=1112"}],"version-history":[{"count":0,"href":"https:\/\/www.nanohealthcare.eu\/cs\/wp-json\/wp\/v2\/posts\/1112\/revisions"}],"wp:featuredmedia":[{"embeddable":true,"href":"https:\/\/www.nanohealthcare.eu\/cs\/wp-json\/wp\/v2\/media\/1137"}],"wp:attachment":[{"href":"https:\/\/www.nanohealthcare.eu\/cs\/wp-json\/wp\/v2\/media?parent=1112"}],"wp:term":[{"taxonomy":"category","embeddable":true,"href":"https:\/\/www.nanohealthcare.eu\/cs\/wp-json\/wp\/v2\/categories?post=1112"},{"taxonomy":"post_tag","embeddable":true,"href":"https:\/\/www.nanohealthcare.eu\/cs\/wp-json\/wp\/v2\/tags?post=1112"}],"curies":[{"name":"wp","href":"https:\/\/api.w.org\/{rel}","templated":true}]}}